{"id":3083,"date":"2026-04-25T22:34:36","date_gmt":"2026-04-25T20:34:36","guid":{"rendered":"https:\/\/www.christwohin.com\/?p=3083"},"modified":"2026-04-25T22:34:37","modified_gmt":"2026-04-25T20:34:37","slug":"lourdes-wallfahrt-02-08-august-2026","status":"publish","type":"post","link":"https:\/\/www.christwohin.com\/index.php\/2026\/04\/25\/lourdes-wallfahrt-02-08-august-2026\/","title":{"rendered":"Lourdes-Wallfahrt (02.-08. August 2026)"},"content":{"rendered":"\n<p>Das Lourdes-Jahresmotto f\u00fcr 2026 lautet: &#8222;Sei gegr\u00fc\u00dft, du Begnadete, der Herr ist mit dir&#8220; (Lk 1,28).<\/p>\n\n\n\n<p>Unsere Wallfahrt ist deshalb gleichsam ein Angebot, am Vorbild und auf die F\u00fcrsprache der Gottesmutter Maria, den eigenen Glauben zu erneuern und zu vertiefen.<br>Am Sonntag, 2. August, fahren wir um 7.30 Uhr in Altnau ab Richtung Paray le Monial. In der Erscheinungskapelle, dem weltweiten Zentrum der Herz Jesu Verehrung, feiern wir die Heilige Messe.<\/p>\n\n\n\n<p>Wir \u00fcbernachten in Nevers und besuchen am Montag den Schrein der Hl. Bernadette.<\/p>\n\n\n\n<p>Von Montagabend bis Freitag morgen sind wir in Lourdes, nehmen an der Lichterprozession teil, besuchen die Erscheinungsgrotte, gehen miteinander den Kreuzweg und nehmen auch an der Sakramentsprozession teil.<\/p>\n\n\n\n<p>Am Freitag treten wir die Heimreise an und besuchen am Samstag die Wirkungsst\u00e4tte des Hl. Jean Vianney in Ars. Gegen 20.00 Uhr sind wir zur\u00fcck.<\/p>\n\n\n\n<p>Den Reisepreis konnten wir trotz der hohen Energiekosten auf CHF 1095,- p.P. \/ VP im DZ beschr\u00e4nken. Kinder und Jugendliche bis 18 Jahre erhalten 50% Erm\u00e4\u00dfigung.<\/p>\n\n\n\n<p>Anmeldungen bis 31. Mai bitte per E-Mail oder Post an:<br>info@christwohin.com<br>Katholisches Exerzitienhaus Christ, wohin?<br>Scherzingerstrasse 44, CH 8595 Altnau<\/p>\n\n\n\n<p>Bitte nennen Sie bei der Anmeldung die Anzahl der teilnehmenden Personen und Ihre Adresse.<\/p>\n\n\n\n<ol start=\"2\" class=\"wp-block-list\"><\/ol>\n","protected":false},"excerpt":{"rendered":"<p>Das Lourdes-Jahresmotto f\u00fcr 2026 lautet: &#8222;Sei gegr\u00fc\u00dft, du Begnadete, der Herr ist mit dir&#8220; (Lk 1,28). Unsere Wallfahrt ist deshalb gleichsam ein Angebot, am Vorbild und&#46;&#46;&#46;<\/p>\n","protected":false},"author":1,"featured_media":1342,"comment_status":"closed","ping_status":"closed","sticky":false,"template":"","format":"standard","meta":{"inline_featured_image":false,"footnotes":""},"categories":[1],"tags":[],"class_list":["post-3083","post","type-post","status-publish","format-standard","has-post-thumbnail","hentry","category-news"],"_links":{"self":[{"href":"https:\/\/www.christwohin.com\/index.php\/wp-json\/wp\/v2\/posts\/3083"}],"collection":[{"href":"https:\/\/www.christwohin.com\/index.php\/wp-json\/wp\/v2\/posts"}],"about":[{"href":"https:\/\/www.christwohin.com\/index.php\/wp-json\/wp\/v2\/types\/post"}],"author":[{"embeddable":true,"href":"https:\/\/www.christwohin.com\/index.php\/wp-json\/wp\/v2\/users\/1"}],"replies":[{"embeddable":true,"href":"https:\/\/www.christwohin.com\/index.php\/wp-json\/wp\/v2\/comments?post=3083"}],"version-history":[{"count":1,"href":"https:\/\/www.christwohin.com\/index.php\/wp-json\/wp\/v2\/posts\/3083\/revisions"}],"predecessor-version":[{"id":3084,"href":"https:\/\/www.christwohin.com\/index.php\/wp-json\/wp\/v2\/posts\/3083\/revisions\/3084"}],"wp:featuredmedia":[{"embeddable":true,"href":"https:\/\/www.christwohin.com\/index.php\/wp-json\/wp\/v2\/media\/1342"}],"wp:attachment":[{"href":"https:\/\/www.christwohin.com\/index.php\/wp-json\/wp\/v2\/media?parent=3083"}],"wp:term":[{"taxonomy":"category","embeddable":true,"href":"https:\/\/www.christwohin.com\/index.php\/wp-json\/wp\/v2\/categories?post=3083"},{"taxonomy":"post_tag","embeddable":true,"href":"https:\/\/www.christwohin.com\/index.php\/wp-json\/wp\/v2\/tags?post=3083"}],"curies":[{"name":"wp","href":"https:\/\/api.w.org\/{rel}","templated":true}]}}